{"id":7901,"date":"2021-05-25T17:37:57","date_gmt":"2021-05-25T15:37:57","guid":{"rendered":"http:\/\/museumunicipaldepalleja.cat\/?p=7901"},"modified":"2021-06-04T18:21:05","modified_gmt":"2021-06-04T16:21:05","slug":"xavier-nogues-i-la-claraboia-de-can-seix","status":"publish","type":"post","link":"https:\/\/museumunicipaldepalleja.cat\/index.php\/2021\/05\/25\/xavier-nogues-i-la-claraboia-de-can-seix\/","title":{"rendered":"Xavier Nogu\u00e9s i la claraboia de can Seix"},"content":{"rendered":"<p>Views: 5<\/p>\t\t<div data-elementor-type=\"wp-post\" data-elementor-id=\"7901\" class=\"elementor elementor-7901\">\n\t\t\t\t\t\t<section class=\"elementor-section elementor-top-section elementor-element elementor-element-60c9c67 elementor-section-boxed elementor-section-height-default elementor-section-height-default\" data-id=\"60c9c67\" data-element_type=\"section\" data-e-type=\"section\">\n\t\t\t\t\t\t<div class=\"elementor-container elementor-column-gap-default\">\n\t\t\t\t\t<div class=\"elementor-column elementor-col-100 elementor-top-column elementor-element elementor-element-aec9220\" data-id=\"aec9220\" data-element_type=\"column\" data-e-type=\"column\">\n\t\t\t<div class=\"elementor-widget-wrap elementor-element-populated\">\n\t\t\t\t\t\t<div class=\"elementor-element elementor-element-0604019 elementor-widget elementor-widget-text-editor\" data-id=\"0604019\" data-element_type=\"widget\" data-e-type=\"widget\" data-widget_type=\"text-editor.default\">\n\t\t\t\t<div class=\"elementor-widget-container\">\n\t\t\t\t\t\t\t\t\t<p class=\"p1\">A c\u00e0rrec de Cec\u00edlia Vidal, membre de la Fundaci\u00f3 Xavier Nogu\u00e9s, entitat que vetlla per la conservaci\u00f3 i difusi\u00f3 de l\u2019obra de Nogu\u00e9s, polifac\u00e8tic artista noucentista.<\/p>\t\t\t\t\t\t\t\t<\/div>\n\t\t\t\t<\/div>\n\t\t\t\t\t<\/div>\n\t\t<\/div>\n\t\t\t\t\t<\/div>\n\t\t<\/section>\n\t\t\t\t<\/div>\n\t\t","protected":false},"excerpt":{"rendered":"<p>Views: 5 A c\u00e0rrec de Cec\u00edlia Vidal, membre de la Fundaci\u00f3 Xavier Nogu\u00e9s, entitat que vetlla per la conservaci\u00f3 i difusi\u00f3 de l\u2019obra de Nogu\u00e9s, polifac\u00e8tic artista noucentista.<\/p>\n","protected":false},"author":1,"featured_media":7902,"comment_status":"closed","ping_status":"open","sticky":false,"template":"","format":"standard","meta":{"footnotes":""},"categories":[88],"tags":[90,91,89],"class_list":["post-7901","post","type-post","status-publish","format-standard","has-post-thumbnail","hentry","category-conferencia","tag-can-seix","tag-modernirme","tag-xavier-nogues"],"_links":{"self":[{"href":"https:\/\/museumunicipaldepalleja.cat\/index.php\/wp-json\/wp\/v2\/posts\/7901","targetHints":{"allow":["GET"]}}],"collection":[{"href":"https:\/\/museumunicipaldepalleja.cat\/index.php\/wp-json\/wp\/v2\/posts"}],"about":[{"href":"https:\/\/museumunicipaldepalleja.cat\/index.php\/wp-json\/wp\/v2\/types\/post"}],"author":[{"embeddable":true,"href":"https:\/\/museumunicipaldepalleja.cat\/index.php\/wp-json\/wp\/v2\/users\/1"}],"replies":[{"embeddable":true,"href":"https:\/\/museumunicipaldepalleja.cat\/index.php\/wp-json\/wp\/v2\/comments?post=7901"}],"version-history":[{"count":8,"href":"https:\/\/museumunicipaldepalleja.cat\/index.php\/wp-json\/wp\/v2\/posts\/7901\/revisions"}],"predecessor-version":[{"id":8019,"href":"https:\/\/museumunicipaldepalleja.cat\/index.php\/wp-json\/wp\/v2\/posts\/7901\/revisions\/8019"}],"wp:featuredmedia":[{"embeddable":true,"href":"https:\/\/museumunicipaldepalleja.cat\/index.php\/wp-json\/wp\/v2\/media\/7902"}],"wp:attachment":[{"href":"https:\/\/museumunicipaldepalleja.cat\/index.php\/wp-json\/wp\/v2\/media?parent=7901"}],"wp:term":[{"taxonomy":"category","embeddable":true,"href":"https:\/\/museumunicipaldepalleja.cat\/index.php\/wp-json\/wp\/v2\/categories?post=7901"},{"taxonomy":"post_tag","embeddable":true,"href":"https:\/\/museumunicipaldepalleja.cat\/index.php\/wp-json\/wp\/v2\/tags?post=7901"}],"curies":[{"name":"wp","href":"https:\/\/api.w.org\/{rel}","templated":true}]}}